{"id":1562,"date":"2024-09-17T22:10:38","date_gmt":"2024-09-17T20:10:38","guid":{"rendered":"https:\/\/uncaminosabio.org\/?p=1562"},"modified":"2024-09-25T20:31:56","modified_gmt":"2024-09-25T18:31:56","slug":"oracion-de-bienvenida","status":"publish","type":"post","link":"https:\/\/uncaminosabio.org\/index.php\/2024\/09\/17\/oracion-de-bienvenida\/","title":{"rendered":"Oraci\u00f3n de Bienvenida"},"content":{"rendered":"\n<p class=\"wp-block-paragraph\">La Oraci\u00f3n de Bienvenida funciona en la vida activa exactamente en el mismo lugar que la Oraci\u00f3n Centrante funciona en la meditaci\u00f3n: esa peque\u00f1a ventana de oportunidad antes de que los \u201cpensamientos\u201d se convierten en \u201cpasiones\u201d.<br>Como la mayor\u00eda de los m\u00e9todos de despertar interior, opera seg\u00fan el principio de hacer una separaci\u00f3n entre el \u201cyo\u201d totalmente perdido en sus reacciones, deseos y aversiones y el \u201cyo\u201d m\u00e1s profundo. Pero lo hace de una manera \u00fanica e interesante. En lugar de simplemente dejar ir el pensamiento, como se hace en la Oraci\u00f3n Centrante y en muchas escuelas de trabajo interior, en realidad \u201ccabalga\u201d la tormenta de energ\u00eda emocional y f\u00edsica que ya ha comenzado a acumularse cuando una persona se vuelve consciente de la frustraci\u00f3n. Esencialmente, redirige el camino de esta energ\u00eda a trav\u00e9s del cuerpo para que se libere del sistema del falso yo y se recapture como energ\u00eda vital para la transformaci\u00f3n interna. Es una pr\u00e1ctica energ\u00e9tica vibrante, que es una de las principales razones por las que sus resultados son tan espectaculares y efectivos.<\/p>\n\n\n\n<p class=\"wp-block-paragraph\">Para una mayor descripci\u00f3n de esta pr\u00e1ctica pueden encontrarla muy bien descrita en el cap\u00edtulo 13, La Oraci\u00f3n de Bienvenida, del libro Centering Prayer and the Inner Awakening por Cynthia Bourgeault (2004). El libro ya se ha traducido con el t\u00edtulo La Oraci\u00f3n Centrante y el Despertar Interior, y saldr\u00e1 la publicaci\u00f3n en el 2025.<\/p>\n","protected":false},"excerpt":{"rendered":"<p>La Oraci\u00f3n de Bienvenida funciona en la vida activa exactamente en el mismo lugar que la Oraci\u00f3n Centrante funciona en la meditaci\u00f3n: esa peque\u00f1a ventana de oportunidad antes de que los \u201cpensamientos\u201d se convierten en \u201cpasiones\u201d.<\/p>\n","protected":false},"author":1,"featured_media":1147,"comment_status":"open","ping_status":"open","sticky":false,"template":"","format":"standard","meta":{"footnotes":""},"categories":[1],"tags":[],"class_list":["post-1562","post","type-post","status-publish","format-standard","has-post-thumbnail","hentry","category-sin-categoria"],"_links":{"self":[{"href":"https:\/\/uncaminosabio.org\/index.php\/wp-json\/wp\/v2\/posts\/1562","targetHints":{"allow":["GET"]}}],"collection":[{"href":"https:\/\/uncaminosabio.org\/index.php\/wp-json\/wp\/v2\/posts"}],"about":[{"href":"https:\/\/uncaminosabio.org\/index.php\/wp-json\/wp\/v2\/types\/post"}],"author":[{"embeddable":true,"href":"https:\/\/uncaminosabio.org\/index.php\/wp-json\/wp\/v2\/users\/1"}],"replies":[{"embeddable":true,"href":"https:\/\/uncaminosabio.org\/index.php\/wp-json\/wp\/v2\/comments?post=1562"}],"version-history":[{"count":2,"href":"https:\/\/uncaminosabio.org\/index.php\/wp-json\/wp\/v2\/posts\/1562\/revisions"}],"predecessor-version":[{"id":2249,"href":"https:\/\/uncaminosabio.org\/index.php\/wp-json\/wp\/v2\/posts\/1562\/revisions\/2249"}],"wp:featuredmedia":[{"embeddable":true,"href":"https:\/\/uncaminosabio.org\/index.php\/wp-json\/wp\/v2\/media\/1147"}],"wp:attachment":[{"href":"https:\/\/uncaminosabio.org\/index.php\/wp-json\/wp\/v2\/media?parent=1562"}],"wp:term":[{"taxonomy":"category","embeddable":true,"href":"https:\/\/uncaminosabio.org\/index.php\/wp-json\/wp\/v2\/categories?post=1562"},{"taxonomy":"post_tag","embeddable":true,"href":"https:\/\/uncaminosabio.org\/index.php\/wp-json\/wp\/v2\/tags?post=1562"}],"curies":[{"name":"wp","href":"https:\/\/api.w.org\/{rel}","templated":true}]}}