{"id":3092,"date":"2025-03-23T03:07:32","date_gmt":"2025-03-23T02:07:32","guid":{"rendered":"https:\/\/uncaminosabio.org\/?p=3092"},"modified":"2025-03-24T20:43:15","modified_gmt":"2025-03-24T19:43:15","slug":"evangelio-de-tomas-logion-50","status":"publish","type":"post","link":"https:\/\/uncaminosabio.org\/index.php\/2025\/03\/23\/evangelio-de-tomas-logion-50\/","title":{"rendered":"Evangelio de Tom\u00e1s &#8211; Logion 50"},"content":{"rendered":"\n<p class=\"has-white-color has-text-color has-background has-link-color has-large-font-size wp-elements-1 wp-block-paragraph\" style=\"background-color:#cb9981\"><strong>Logion 50<\/strong><\/p>\n\n\n\n<p class=\"has-text-align-center has-white-color has-text-color has-background has-link-color wp-elements-2 wp-block-paragraph\" style=\"background-color:#4c5958\">Jes\u00fas ha dicho:<br>Si os dicen:<br>\u2018\u00bfDe d\u00f3nde hab\u00e9is venido?\u2019, decidles:<br>\u2018Hemos venido de la luz;<br>all\u00ed donde la luz ha nacido de s\u00ed misma,<br>se ha alzado y se ha revelado en su imagen\u2019.&nbsp;<br><br>Si os dicen: \u2018\u00bfQui\u00e9n sois?\u2019, decid:<br>\u2018Somos sus hijos y somos elegidos<br>del Padre Viviente\u2019.<br>Si os preguntan:<br>\u2018\u00bfCu\u00e1l es el signo de vuestro<br>Padre que est\u00e1 en vosotros?\u2019, decidles:<br>\u2018Es un movimiento y un reposo\u2019.&nbsp;<\/p>\n\n\n\n<p class=\"wp-block-paragraph\"><\/p>\n\n\n\n<p class=\"wp-block-paragraph\">Aqu\u00ed, lo primero que nos presentan es el papel de la luz, y en lo que primero pienso es en el comienzo del evangelio de Juan 1:1-3<\/p>\n\n\n\n<p class=\"wp-block-paragraph\"><strong><sup>1<\/sup><\/strong>En el principio ya exist\u00eda la Palabra;<br>y la Palabra estaba junto a Dios y era Dios.<br><strong><sup>2\u00a0<\/sup><\/strong>Ya en el principio estaba junto a Dios.<br><strong><sup>3\u00a0<\/sup><\/strong>Todo fue hecho por medio de ella<br>y nada se hizo sin contar con ella.<br>Cuanto fue hecho\u00a0<strong><sup>4\u00a0<\/sup><\/strong>era ya vida en ella,<br>y esa vida era luz para la humanidad;<br><strong><sup>5\u00a0<\/sup><\/strong>luz que resplandece en las tinieblas<br>y que las tinieblas no han podido sofocar.<\/p>\n\n\n\n<p class=\"wp-block-paragraph\">Por lo tanto, percibo que el dicho se refiere a que nuestro origen viene del Dios Padre que est\u00e1 antes de la manifestaci\u00f3n material y aqu\u00ed lo est\u00e1 refiriendo como luz.&nbsp; Venimos de la luz y somos parte de esta luz. Somos su imagen.<\/p>\n\n\n\n<p class=\"wp-block-paragraph\">Tambi\u00e9n comienzo a pensar en las limitaci\u00f3n de nuestras vidas. No nos damos cuenta de esta presencia de luz en nuestro ser es nuestra verdadera identidad. Nuestro yo psicol\u00f3gico enmascara esta realidad m\u00e1s profunda y vemos nuestras vidas simplemente movi\u00e9ndose en un eje horizontal de tiempo. Dedicamos tiempo en conocernos&nbsp; a nosotros mismos muchas veces buscando en nuestro pasado razones porque somos como somos y buscamos la forma de encontrar los errores y perdonarnos y encontramos vivencias que necesitan saneamiento. Aunque este proceso es positivo, al ayudarnos a conectarnos con nosotros mismos y sanear vivencias que se han depositado en nuestro cuerpo, algunas veces perdemos la perspectiva y creemos que somos producto solamente de nuestro pasado.<\/p>\n\n\n\n<p class=\"wp-block-paragraph\">El dicho nos recuerda que somos hijos de la luz y que adem\u00e1s el signo es de movimiento y reposo. Aqu\u00ed interpreto que la luz realmente nos viene en forma vertical y que nuestra vida esta influenciada de momento a momento por ella. Es lo que nos hace vivir.&nbsp; Por lo tanto si estoy consciente de esto y tambi\u00e9n de tener esta chispa de luz en mi ser, puedo ser un canal atreves de mis actividades.<\/p>\n\n\n\n<p class=\"wp-block-paragraph\">&nbsp; \u00bfC\u00f3mo podr\u00eda alimentar a mi conciencia sobre esta Presencia, ser\u00eda la pregunta? Estando m\u00e1s atento de las cosas en el presente. Este es el momento en que estamos verdaderamente despiertos.<\/p>\n\n\n\n<p class=\"wp-block-paragraph\">Nuestro derecho de nacimiento a partir de la luz&nbsp; nos permite que podamos conocernos quien somos realmente y activar la fuerza que se origina cuando vivimos en el aqu\u00ed y en el ahora.&nbsp; Despu\u00e9s que nos damos cuenta que no somos producto de nuestro pasado y comenzamos a realizar la existencia de esta luz interior, comenzamos a perder el miedo y romper con viejos condicionamientos que nos ten\u00edan atrapados. Vamos encontrando una fuerza interior que jam\u00e1s imagin\u00e1bamos de estar ah\u00ed que nos va llevando en nuestro camino sin perder el curso. Por un camino desconocido&nbsp; pero que interiormente percibimos que es verdadero.<\/p>\n\n\n\n<p class=\"wp-block-paragraph\">Autor: Josefina Fern\u00e1ndez<\/p>\n","protected":false},"excerpt":{"rendered":"<p>Si os dicen:<br \/>\n\u2018\u00bfDe d\u00f3nde hab\u00e9is venido?\u2019, decidles:<br \/>\n\u2018Hemos venido de la luz;<br \/>\nall\u00ed donde la luz ha nacido de s\u00ed misma,<br \/>\nse ha alzado y se ha revelado en su imagen\u2019.\u00a0<\/p>\n<p>Si os dicen: \u2018\u00bfQui\u00e9n sois?\u2019, decid:<br \/>\n\u2018Somos sus hijos y somos elegidos<br \/>\ndel Padre Viviente\u2019.<br \/>\nSi os preguntan:<br \/>\n\u2018\u00bfCu\u00e1l es el signo de vuestro<br \/>\nPadre que est\u00e1 en vosotros?\u2019, decidles:<br \/>\n\u2018Es un movimiento y un reposo\u2019.<\/p>\n","protected":false},"author":1,"featured_media":3047,"comment_status":"open","ping_status":"open","sticky":false,"template":"","format":"standard","meta":{"footnotes":""},"categories":[12,13],"tags":[14],"class_list":["post-3092","post","type-post","status-publish","format-standard","has-post-thumbnail","hentry","category-tomas","category-logia","tag-logion-50"],"_links":{"self":[{"href":"https:\/\/uncaminosabio.org\/index.php\/wp-json\/wp\/v2\/posts\/3092","targetHints":{"allow":["GET"]}}],"collection":[{"href":"https:\/\/uncaminosabio.org\/index.php\/wp-json\/wp\/v2\/posts"}],"about":[{"href":"https:\/\/uncaminosabio.org\/index.php\/wp-json\/wp\/v2\/types\/post"}],"author":[{"embeddable":true,"href":"https:\/\/uncaminosabio.org\/index.php\/wp-json\/wp\/v2\/users\/1"}],"replies":[{"embeddable":true,"href":"https:\/\/uncaminosabio.org\/index.php\/wp-json\/wp\/v2\/comments?post=3092"}],"version-history":[{"count":5,"href":"https:\/\/uncaminosabio.org\/index.php\/wp-json\/wp\/v2\/posts\/3092\/revisions"}],"predecessor-version":[{"id":3102,"href":"https:\/\/uncaminosabio.org\/index.php\/wp-json\/wp\/v2\/posts\/3092\/revisions\/3102"}],"wp:featuredmedia":[{"embeddable":true,"href":"https:\/\/uncaminosabio.org\/index.php\/wp-json\/wp\/v2\/media\/3047"}],"wp:attachment":[{"href":"https:\/\/uncaminosabio.org\/index.php\/wp-json\/wp\/v2\/media?parent=3092"}],"wp:term":[{"taxonomy":"category","embeddable":true,"href":"https:\/\/uncaminosabio.org\/index.php\/wp-json\/wp\/v2\/categories?post=3092"},{"taxonomy":"post_tag","embeddable":true,"href":"https:\/\/uncaminosabio.org\/index.php\/wp-json\/wp\/v2\/tags?post=3092"}],"curies":[{"name":"wp","href":"https:\/\/api.w.org\/{rel}","templated":true}]}}