{"id":3095,"date":"2025-03-23T03:12:06","date_gmt":"2025-03-23T02:12:06","guid":{"rendered":"https:\/\/uncaminosabio.org\/?p=3095"},"modified":"2025-03-25T15:38:42","modified_gmt":"2025-03-25T14:38:42","slug":"evangelio-de-tomas-logion-2","status":"publish","type":"post","link":"https:\/\/uncaminosabio.org\/index.php\/2025\/03\/23\/evangelio-de-tomas-logion-2\/","title":{"rendered":"Evangelio de Tom\u00e1s &#8211; Logion 2"},"content":{"rendered":"\n<p class=\"has-white-color has-text-color has-background has-link-color has-large-font-size wp-elements-1 wp-block-paragraph\" style=\"background-color:#cb9981\"><strong>Logion 2<\/strong><\/p>\n\n\n\n<p class=\"has-text-align-center has-white-color has-text-color has-background has-link-color wp-elements-2 wp-block-paragraph\" style=\"background-color:#4c5958\">Jes\u00fas ha dicho:<br>El que busca no debe cesar de buscar hasta que encuentre;<br>cuando encuentre, quedar\u00e1 estupefacto, se maravillar\u00e1 y reinar\u00e1 sobre el Todo.<br>Y habiendo reinado reposar\u00e1.<\/p>\n\n\n\n<p class=\"wp-block-paragraph\">Este dicho indica la b\u00fasqueda espiritual y detalla que en el transcurso de este viaje encontraremos problemas. Los que hemos empezado este camino hemos ya experimentado cambios\u00a0 que van ocurriendo. Muchas veces al ir madurando el entendimiento nos damos cuenta que el esquema que ven\u00edamos usando comienza a sufrir un cambio radical.\u00a0 Las pr\u00e1cticas devocionales y la teolog\u00eda que nos han ense\u00f1ado, se han hecho peque\u00f1as para seguir nuestro camino. Vemos que se est\u00e1 proponiendo un nuevo esquema y comenzamos a resistirnos. Generalmente cambios ya\u00a0 han ocurrido en forma inconsciente\u00a0 y experimentamos sufrimiento y nos encontramos desorientados. Sin embargo, el viaje espiritual ya ha comenzado y eventualmente nos encontramos en un nuevo lugar.<\/p>\n\n\n\n<p class=\"wp-block-paragraph\">Al llegar a este nuevo lugar nos damos cuenta de la existencia de una realidad mayor y entonces entramos a vivir esta paradoja, y quedamos desconcertados, maravillados&nbsp; de esta nueva capacidad que hemos adquirido y darnos cuenta que la realidad es m\u00e1s grande a lo que nuestra mente puede comprender completamente.<\/p>\n\n\n\n<p class=\"wp-block-paragraph\">Leyendo los comentarios de Roberto Pla con respecto a este dicho, \u00e9l nos habla que este dicho corresponde&nbsp; a la la b\u00fasqueda de la v\u00eda interior, la de <strong>Hijo en el hombre<\/strong> el cual puede y debe ser descubierto. \u201cLo que aqu\u00ed se explica es que esta b\u00fasqueda ha de practicarse con insistencia, para que persista como un fluir incesante; cuando con absoluta verdad y entrega se sostiene este flujo de energ\u00eda ininterrumpida, al fin es seguro que empezar\u00e1 a fluir la intuici\u00f3n del Ser interior y eterno, como primer paso para el encuentro\u201d.<\/p>\n\n\n\n<p class=\"wp-block-paragraph\">El verdadero sentido espiritual de esta b\u00fasqueda y la respuesta prometida en este dicho como en el evangelio de Mateo y Lucas queda confirmado cuando Lucas al final de su exposici\u00f3n agrega <em>\u00a1Cu\u00e1nto m\u00e1s el Padre del cielo dar\u00e1\u00a0 el Esp\u00edritu Santo a los que se lo pidan! <\/em><sup data-fn=\"d2650a7c-9b88-49b5-b0df-1f659015227a\" class=\"fn\"><a href=\"#d2650a7c-9b88-49b5-b0df-1f659015227a\" id=\"d2650a7c-9b88-49b5-b0df-1f659015227a-link\">1<\/a><\/sup><em>\u00a0 <\/em>Esta frase \u00faltima nos dirige a la clave que no s\u00f3lo la b\u00fasqueda\u00a0 y el encuentro para la revelaci\u00f3n interior ocurre, sino que es mediada por el Esp\u00edritu Santo en su funci\u00f3n de Par\u00e1clito, o sea\u00a0 mediador, intercesor\u00a0 entre la conciencia del hombre y del Hijo del que da testimonio.<sup data-fn=\"3f4f0a09-b9ef-4fd5-82cc-c7efb1fa6670\" class=\"fn\"><a href=\"#3f4f0a09-b9ef-4fd5-82cc-c7efb1fa6670\" id=\"3f4f0a09-b9ef-4fd5-82cc-c7efb1fa6670-link\">2<\/a><\/sup><\/p>\n\n\n\n<p class=\"wp-block-paragraph\">En el evangelio de San Juan se encuentran gran cantidad de referencias al Esp\u00edritu Santo en donde se puede soportar la idea de que la venida del Esp\u00edritu Santo, como intercesor, llena de conocimiento a el hombre que busca&nbsp; hasta que accede a la conciencia&nbsp; divina y este es el encuentro a que se refiere el dicho 2 del Evangelio de Tom\u00e1s.<\/p>\n\n\n\n<p class=\"wp-block-paragraph\">El dicho usa dos estados graduales&nbsp; de conciencia por los que se supone tener que pasar para terminar el proceso:&nbsp;<\/p>\n\n\n\n<p class=\"wp-block-paragraph\">\u201ccuando encuentre, quedar\u00e1 estupefacto, y una vez estupefacto se maravillar\u00e1\u201d.<\/p>\n\n\n\n<ol class=\"wp-block-list\">\n<li>El estado de estupor suele explicarse como una disminuci\u00f3n de las funciones intelectuales que algunas veces aparece como aniquilaci\u00f3n total. Este robo interior de la conciencia es producido por un suceso interno que domina la atenci\u00f3n con tal fuerza que hace que los sentidos se desconecten. En este caso la conciencia queda con un sentimiento de placer o admiraci\u00f3n tan intenso que enfrasca en su disfrute a la persona que lo contempla (\u00e9xtasis) \u201c\u2026 en este caso viene dado por el alto encuentro que suscita la lluvia de fuego, la cual, como es sabidur\u00eda, cubre de luz y conocimiento poco a poco, sosegadamente , al alma y despliega ante ella un mundo insospechado.\u201d<\/li>\n\n\n\n<li>Y una vez estupefacto, se maravillar\u00e1, describe un acercamiento al Se\u00f1or tal como sucedi\u00f3 cuando se le apareci\u00f3 un \u00e1ngel sobre la llama de zarza ardiendo a Moises. Hay que recordar que la llama en este caso es el conocimiento y el \u00e1ngel la visi\u00f3n que se forma sobre la zarza<sup>,<\/sup><sup data-fn=\"0a272a8c-6b72-4614-b768-b116fb719c9e\" class=\"fn\"><a href=\"#0a272a8c-6b72-4614-b768-b116fb719c9e\" id=\"0a272a8c-6b72-4614-b768-b116fb719c9e-link\">3<\/a><\/sup><sup data-fn=\"6f44b79d-1b33-43ae-96a9-3d603850aa61\" class=\"fn\"><a href=\"#6f44b79d-1b33-43ae-96a9-3d603850aa61\" id=\"6f44b79d-1b33-43ae-96a9-3d603850aa61-link\">4<\/a><\/sup><\/li>\n<\/ol>\n\n\n\n<p class=\"wp-block-paragraph\">Termina el dicho con \u2026reinar\u00e1 sobre Todo y habiendo reinado reposar\u00e1. Los que reinan son los que han recibido en abundancia la gracia. \u201cLos que han cre\u00eddo en el Cristo interno y lo han realizado en s\u00ed mismos entreg\u00e1ndole todo su ser, puesto que han llegado al conocimiento de que solo \u00c9l es; los que los han encontrado al fin, esos son los que, de hecho, entran en el descanso.\u201d<sup data-fn=\"4f4afe4f-7a00-41ce-85df-3b4ebae9d280\" class=\"fn\"><a href=\"#4f4afe4f-7a00-41ce-85df-3b4ebae9d280\" id=\"4f4afe4f-7a00-41ce-85df-3b4ebae9d280-link\">5<\/a><\/sup><\/p>\n\n\n\n<p class=\"wp-block-paragraph\">Autor: Josefina Fern\u00e1ndez<\/p>\n\n\n<ol class=\"wp-block-footnotes\"><li id=\"d2650a7c-9b88-49b5-b0df-1f659015227a\">Lc 11:13 <a href=\"#d2650a7c-9b88-49b5-b0df-1f659015227a-link\" aria-label=\"Saltar a la referencia de la nota 1\">\u21a9\ufe0e<\/a><\/li><li id=\"3f4f0a09-b9ef-4fd5-82cc-c7efb1fa6670\">Jn 15:26 Cuando venga el Consolador que yo les enviar\u00e9 de parte del Padre, el Esp\u00edritu de verdad que procede del Padre, \u00e9l testificar\u00e1 acerca de m\u00ed.<br> <a href=\"#3f4f0a09-b9ef-4fd5-82cc-c7efb1fa6670-link\" aria-label=\"Saltar a la referencia de la nota 2\">\u21a9\ufe0e<\/a><\/li><li id=\"0a272a8c-6b72-4614-b768-b116fb719c9e\">Ex: 3:6 Yo soy el Dios de tu padre. Soy el Dios de Abraham, de Isaac y de Jacob. Al o\u00edr esto, Mois\u00e9s se cubri\u00f3 el rostro, pues tuvo miedo de mirar a Dios. <a href=\"#0a272a8c-6b72-4614-b768-b116fb719c9e-link\" aria-label=\"Saltar a la referencia de la nota 3\">\u21a9\ufe0e<\/a><\/li><li id=\"6f44b79d-1b33-43ae-96a9-3d603850aa61\">\u00a0Hch7:30-32 <strong><sup>30\u00a0<\/sup><\/strong>\u00bbPasados cuarenta a\u00f1os, se le apareci\u00f3 un \u00e1ngel en el desierto cercano al monte Sina\u00ed, entre las llamas de una zarza ardiente.\u00a0<strong><sup>31\u00a0<\/sup><\/strong>Mois\u00e9s se asombr\u00f3 de lo que ve\u00eda. Al acercarse para observar, oy\u00f3 la voz del Se\u00f1or:\u00a0<strong><sup>32\u00a0<\/sup><\/strong>\u201cYo soy el Dios de tus antepasados, el Dios de Abraham, de Isaac y de Jacob\u201d.\u00a0Mois\u00e9s se puso a temblar de miedo y no se atrev\u00eda a mirar.<br> <a href=\"#6f44b79d-1b33-43ae-96a9-3d603850aa61-link\" aria-label=\"Saltar a la referencia de la nota 4\">\u21a9\ufe0e<\/a><\/li><li id=\"4f4afe4f-7a00-41ce-85df-3b4ebae9d280\">\u00a0Roberto Pla. <em>El Hombre Templo de Dios Vivo<\/em>. Editorial Sirio 2018. p.62 <a href=\"#4f4afe4f-7a00-41ce-85df-3b4ebae9d280-link\" aria-label=\"Saltar a la referencia de la nota 5\">\u21a9\ufe0e<\/a><\/li><\/ol>","protected":false},"excerpt":{"rendered":"<p>Logion 2<br \/>\nEl que busca no debe cesar de buscar hasta que encuentre;<br \/>\ncuando encuentre, quedar\u00e1 estupefacto, se maravillar\u00e1 y reinar\u00e1 sobre el Todo.<br \/>\nY habiendo reinado reposar\u00e1.<\/p>\n","protected":false},"author":1,"featured_media":3047,"comment_status":"open","ping_status":"open","sticky":false,"template":"","format":"standard","meta":{"footnotes":"[{\"content\":\"Lc 11:13\",\"id\":\"d2650a7c-9b88-49b5-b0df-1f659015227a\"},{\"content\":\"Jn 15:26 Cuando venga el Consolador que yo les enviar\u00e9 de parte del Padre, el Esp\u00edritu de verdad que procede del Padre, \u00e9l testificar\u00e1 acerca de m\u00ed.<br>\",\"id\":\"3f4f0a09-b9ef-4fd5-82cc-c7efb1fa6670\"},{\"content\":\"Ex: 3:6 Yo soy el Dios de tu padre. Soy el Dios de Abraham, de Isaac y de Jacob. Al o\u00edr esto, Mois\u00e9s se cubri\u00f3 el rostro, pues tuvo miedo de mirar a Dios.\",\"id\":\"0a272a8c-6b72-4614-b768-b116fb719c9e\"},{\"content\":\"\u00a0Hch7:30-32 <strong><sup>30\u00a0<\/sup><\/strong>\u00bbPasados cuarenta a\u00f1os, se le apareci\u00f3 un \u00e1ngel en el desierto cercano al monte Sina\u00ed, entre las llamas de una zarza ardiente.\u00a0<strong><sup>31\u00a0<\/sup><\/strong>Mois\u00e9s se asombr\u00f3 de lo que ve\u00eda. Al acercarse para observar, oy\u00f3 la voz del Se\u00f1or:\u00a0<strong><sup>32\u00a0<\/sup><\/strong>\u201cYo soy el Dios de tus antepasados, el Dios de Abraham, de Isaac y de Jacob\u201d.\u00a0Mois\u00e9s se puso a temblar de miedo y no se atrev\u00eda a mirar.<br>\",\"id\":\"6f44b79d-1b33-43ae-96a9-3d603850aa61\"},{\"content\":\"\u00a0Roberto Pla. <em>El Hombre Templo de Dios Vivo<\/em>. Editorial Sirio 2018. p.62\",\"id\":\"4f4afe4f-7a00-41ce-85df-3b4ebae9d280\"}]"},"categories":[12,13],"tags":[15],"class_list":["post-3095","post","type-post","status-publish","format-standard","has-post-thumbnail","hentry","category-tomas","category-logia","tag-logion-2"],"_links":{"self":[{"href":"https:\/\/uncaminosabio.org\/index.php\/wp-json\/wp\/v2\/posts\/3095","targetHints":{"allow":["GET"]}}],"collection":[{"href":"https:\/\/uncaminosabio.org\/index.php\/wp-json\/wp\/v2\/posts"}],"about":[{"href":"https:\/\/uncaminosabio.org\/index.php\/wp-json\/wp\/v2\/types\/post"}],"author":[{"embeddable":true,"href":"https:\/\/uncaminosabio.org\/index.php\/wp-json\/wp\/v2\/users\/1"}],"replies":[{"embeddable":true,"href":"https:\/\/uncaminosabio.org\/index.php\/wp-json\/wp\/v2\/comments?post=3095"}],"version-history":[{"count":4,"href":"https:\/\/uncaminosabio.org\/index.php\/wp-json\/wp\/v2\/posts\/3095\/revisions"}],"predecessor-version":[{"id":3105,"href":"https:\/\/uncaminosabio.org\/index.php\/wp-json\/wp\/v2\/posts\/3095\/revisions\/3105"}],"wp:featuredmedia":[{"embeddable":true,"href":"https:\/\/uncaminosabio.org\/index.php\/wp-json\/wp\/v2\/media\/3047"}],"wp:attachment":[{"href":"https:\/\/uncaminosabio.org\/index.php\/wp-json\/wp\/v2\/media?parent=3095"}],"wp:term":[{"taxonomy":"category","embeddable":true,"href":"https:\/\/uncaminosabio.org\/index.php\/wp-json\/wp\/v2\/categories?post=3095"},{"taxonomy":"post_tag","embeddable":true,"href":"https:\/\/uncaminosabio.org\/index.php\/wp-json\/wp\/v2\/tags?post=3095"}],"curies":[{"name":"wp","href":"https:\/\/api.w.org\/{rel}","templated":true}]}}